













{"id":1539,"date":"2024-09-02T10:06:59","date_gmt":"2024-09-02T08:06:59","guid":{"rendered":"https:\/\/www.mondoindagini.it\/news\/?p=1539"},"modified":"2024-09-02T10:07:00","modified_gmt":"2024-09-02T08:07:00","slug":"il-furto-dellidentita-digitale-e-lutilizzo-illecito-dei-dati-raccolti-la-tutela-penalistica-prevista-dal-sistema-italiano","status":"publish","type":"post","link":"https:\/\/www.mondoindagini.it\/news\/il-furto-dellidentita-digitale-e-lutilizzo-illecito-dei-dati-raccolti-la-tutela-penalistica-prevista-dal-sistema-italiano\/","title":{"rendered":"Il Furto dell\u2019Identit\u00e0 Digitale e l\u2019Utilizzo Illecito dei Dati Raccolti: La Tutela Penalistica Prevista dal Sistema Italiano"},"content":{"rendered":"\n<p>L&#8217;identit\u00e0 personale, come definita da psicologia e scienze sociali, rappresenta la proiezione di un individuo nel contesto sociale in cui sviluppa la propria personalit\u00e0. Essa include un insieme di caratteristiche che definiscono l\u2019individuo e la sua rappresentazione nel mondo sociale. Questa rappresentazione sociale, che riflette la personalit\u00e0 dell&#8217;individuo, \u00e8 considerata un bene-valore, protetto dall&#8217;ordinamento giuridico italiano per garantire che il soggetto sia rappresentato con la sua vera identit\u00e0 e non con una distorsione del proprio patrimonio intellettuale, ideologico, etico, religioso, o professionale.<\/p>\n\n\n\n<!--more-->\n\n\n\n<p>Parallelamente, il concetto di identit\u00e0 digitale emerge come la rappresentazione online di un individuo, spesso attraverso un dataset che lo identifica in ambienti virtuali. Roger Clarke, uno dei pionieri nello studio della &#8220;persona digitale&#8221;, la definisce come un modello di personalit\u00e0 pubblica basato su dati, mantenuto attraverso transazioni e utilizzato per conto dell&#8217;individuo. Arnold Roosendaal, nel 2013, ha ampliato questa definizione, enfatizzando la necessit\u00e0 di considerare il contesto d&#8217;uso dei dati nella costruzione dell&#8217;identit\u00e0 digitale, riconoscendola come una rappresentazione digitale di un individuo reale, utilizzabile in specifici ambiti con finalit\u00e0 delegate dall&#8217;individuo stesso.<\/p>\n\n\n\n<h2 class=\"wp-block-heading\">Aspetti Giuridici dell&#8217;Identit\u00e0 Digitale<\/h2>\n\n\n\n<p>In Italia, il Decreto del Presidente del Consiglio dei Ministri del 24 ottobre 2014, noto come Decreto SPID, fornisce una definizione giuridica dell&#8217;identit\u00e0 digitale, considerandola come la rappresentazione informatica della corrispondenza tra un utente e i suoi attributi identificativi, verificata attraverso dati raccolti e registrati in forma digitale. Da questa definizione deriva una duplice dimensione dell&#8217;identit\u00e0 digitale: da un lato, come proiezione dell&#8217;identit\u00e0 personale sul web, e dall&#8217;altro, come insieme di tecniche di identificazione che permettono al soggetto di operare nella realt\u00e0 virtuale.<\/p>\n\n\n\n<p>La tutela giuridica dell&#8217;identit\u00e0 digitale comprende quindi due profili distinti:<\/p>\n\n\n\n<ol class=\"wp-block-list\">\n<li><strong>Tutela della Privacy<\/strong>: Protegge l&#8217;identit\u00e0 digitale, in particolare per quanto riguarda gli aspetti reputazionali e dell&#8217;immagine.<\/li>\n\n\n\n<li><strong>Sicurezza Informatica<\/strong>: Protegge l&#8217;identit\u00e0 dell&#8217;utente in termini di autenticazione e identificazione informatica.<\/li>\n<\/ol>\n\n\n\n<p>Entrambi gli aspetti sono strettamente interconnessi, e un&#8217;inadeguata tutela pu\u00f2 avere conseguenze gravi per l&#8217;individuo.<\/p>\n\n\n\n<h2 class=\"wp-block-heading\">La Tutela Giuridica Secondo il GDPR e il Codice della Privacy<\/h2>\n\n\n\n<p>Il GDPR e il Codice della Privacy stabiliscono un sistema di garanzie per la protezione dell&#8217;identit\u00e0 digitale degli utenti, assicurando che essi mantengano il controllo sui propri dati online. Il GDPR, all&#8217;articolo 5, richiede che i dati personali siano trattati in modo lecito, corretto e trasparente, e che gli interessati siano informati su finalit\u00e0, modalit\u00e0, base giuridica e tempi di conservazione dei dati prima che qualsiasi trattamento abbia luogo.<\/p>\n\n\n\n<p>Un aspetto cruciale del GDPR \u00e8 la disciplina del consenso, che rappresenta la base giuridica del trattamento dei dati, essenziale soprattutto quando il trattamento pu\u00f2 influire sulla libera determinazione dell&#8217;individuo nella societ\u00e0. Particolare attenzione \u00e8 riservata ai dati sensibili, come quelli relativi alla salute o a precedenti penali.<\/p>\n\n\n\n<h2 class=\"wp-block-heading\">Il Furto dell&#8217;Identit\u00e0 Digitale<\/h2>\n\n\n\n<p>Il furto d&#8217;identit\u00e0 digitale \u00e8 una pratica criminosa che consiste nell&#8217;acquisizione illecita di dati personali altrui per compiere ulteriori reati o per sostituirsi alla vittima in attivit\u00e0 online. Questo fenomeno si articola in diverse fasi: ottenimento delle informazioni personali, interazione con tali informazioni (come possesso e vendita), e utilizzo per commettere ulteriori reati.<\/p>\n\n\n\n<p>Il Codice Penale italiano non prevede una specifica norma per il furto d&#8217;identit\u00e0 digitale, ma tale condotta pu\u00f2 essere inquadrata in due ipotesi delittuose:<\/p>\n\n\n\n<ol class=\"wp-block-list\">\n<li><strong>Reato di Sostituzione di Persona (art. 494 c.p.)<\/strong>: Questo reato si configura quando un individuo si sostituisce illegittimamente a un&#8217;altra persona per ottenere un vantaggio o arrecare un danno.<\/li>\n\n\n\n<li><strong>Reato di Frode Informatica (art. 640ter, comma 3, c.p.)<\/strong>: Questo reato include l&#8217;aggravante del furto d&#8217;identit\u00e0, che si verifica quando un soggetto altera un sistema informatico per ottenere un profitto illecito con conseguente danno alla vittima.<\/li>\n<\/ol>\n\n\n\n<h2 class=\"wp-block-heading\">Esempi di Frode Informatica e Misure di Protezione<\/h2>\n\n\n\n<p>Un esempio tipico di frode informatica aggravata dal furto d&#8217;identit\u00e0 \u00e8 l&#8217;uso di carte di credito clonate, dove l&#8217;hacker si finge il titolare della carta per ottenere un vantaggio economico. Misure preventive includono la richiesta di un documento d&#8217;identit\u00e0 durante l&#8217;uso della carta di credito, la custodia separata della carta e del codice PIN, e la denuncia immediata alle autorit\u00e0 in caso di clonazione.<\/p>\n\n\n\n<h2 class=\"wp-block-heading\">Profili Fake su Facebook e il Cybercrime<\/h2>\n\n\n\n<p>L&#8217;uso di profili fake sui social network \u00e8 un fenomeno dilagante, utilizzato per vari scopi illeciti, dal cyberbullismo all&#8217;adescamento di minorenni. I social network, come Facebook, offrono strumenti per segnalare e bloccare questi profili, ma la prevenzione resta complessa.<\/p>\n\n\n\n<p>Secondo i dati, il furto d&#8217;identit\u00e0 digitale \u00e8 estremamente diffuso, con il settore del credito al consumo particolarmente colpito in Italia. Le frodi creditizie connesse al furto d&#8217;identit\u00e0 hanno causato perdite economiche significative, con un incremento delle frodi legate ai prestiti finalizzati.<\/p>\n\n\n\n<h2 class=\"wp-block-heading\">Conclusioni<\/h2>\n\n\n\n<p>La tutela dell&#8217;identit\u00e0 digitale richiede un approccio articolato, che combini sicurezza informatica con una regolamentazione giuridica rigorosa. Mantenere il controllo dei propri dati personali \u00e8 essenziale per prevenire rischi come il furto d&#8217;identit\u00e0 e costruire un&#8217;identit\u00e0 digitale che rispecchi la propria immagine online. Tuttavia, la legge penale vigente non \u00e8 ancora completamente adeguata a perseguire tutte le manifestazioni del furto d&#8217;identit\u00e0 digitale, richiedendo ulteriori riflessioni e sviluppi legislativi per affrontare efficacemente questo fenomeno in continua evoluzione.<\/p>\n","protected":false},"excerpt":{"rendered":"<p>L&#8217;identit\u00e0 personale, come definita da psicologia e scienze sociali, rappresenta la proiezione di un individuo nel contesto sociale in cui sviluppa la propria personalit\u00e0. Essa include un insieme di caratteristiche&hellip;<\/p>\n","protected":false},"author":1,"featured_media":1540,"comment_status":"open","ping_status":"open","sticky":false,"template":"","format":"standard","meta":{"content-type":"","_sitemap_exclude":false,"_sitemap_priority":"","_sitemap_frequency":"","footnotes":""},"categories":[42,1],"tags":[93,92,74,72],"class_list":["post-1539","post","type-post","status-publish","format-standard","has-post-thumbnail","hentry","category-area-legale","category-senza-categoria","tag-furto","tag-identita-digitale","tag-privacy","tag-sicurezza-informatica"],"yoast_head":"<!-- This site is optimized with the Yoast SEO plugin v27.5 - https:\/\/yoast.com\/product\/yoast-seo-wordpress\/ -->\n<title>Il Furto dell\u2019Identit\u00e0 Digitale e l\u2019Utilizzo Illecito dei Dati Raccolti: La Tutela Penalistica Prevista dal Sistema Italiano - Mondoindagini<\/title>\n<meta name=\"description\" content=\"Tutela l&#039;identit\u00e0 digitale: scopri le implicazioni legali del furto di dati online, le normative italiane e europee e le misure di protezione per salvaguardare la tua privacy nel cyberspazio.\" \/>\n<meta name=\"robots\" content=\"index, follow, max-snippet:-1, max-image-preview:large, max-video-preview:-1\" \/>\n<link rel=\"canonical\" href=\"https:\/\/www.mondoindagini.it\/news\/il-furto-dellidentita-digitale-e-lutilizzo-illecito-dei-dati-raccolti-la-tutela-penalistica-prevista-dal-sistema-italiano\/\" \/>\n<meta property=\"og:locale\" content=\"it_IT\" \/>\n<meta property=\"og:type\" content=\"article\" \/>\n<meta property=\"og:title\" content=\"Il Furto dell\u2019Identit\u00e0 Digitale e l\u2019Utilizzo Illecito dei Dati Raccolti: La Tutela Penalistica Prevista dal Sistema Italiano - Mondoindagini\" \/>\n<meta property=\"og:description\" content=\"Tutela l&#039;identit\u00e0 digitale: scopri le implicazioni legali del furto di dati online, le normative italiane e europee e le misure di protezione per salvaguardare la tua privacy nel cyberspazio.\" \/>\n<meta property=\"og:url\" content=\"https:\/\/www.mondoindagini.it\/news\/il-furto-dellidentita-digitale-e-lutilizzo-illecito-dei-dati-raccolti-la-tutela-penalistica-prevista-dal-sistema-italiano\/\" \/>\n<meta property=\"og:site_name\" content=\"Mondoindagini\" \/>\n<meta property=\"article:published_time\" content=\"2024-09-02T08:06:59+00:00\" \/>\n<meta property=\"article:modified_time\" content=\"2024-09-02T08:07:00+00:00\" \/>\n<meta property=\"og:image\" content=\"https:\/\/www.mondoindagini.it\/news\/wp-content\/uploads\/2024\/09\/furto-identita-digitale-scaled.jpg\" \/>\n\t<meta property=\"og:image:width\" content=\"2560\" \/>\n\t<meta property=\"og:image:height\" content=\"1706\" \/>\n\t<meta property=\"og:image:type\" content=\"image\/jpeg\" \/>\n<meta name=\"author\" content=\"redicon\" \/>\n<meta name=\"twitter:card\" content=\"summary_large_image\" \/>\n<meta name=\"twitter:label1\" content=\"Scritto da\" \/>\n\t<meta name=\"twitter:data1\" content=\"redicon\" \/>\n\t<meta name=\"twitter:label2\" content=\"Tempo di lettura stimato\" \/>\n\t<meta name=\"twitter:data2\" content=\"5 minuti\" \/>\n<script type=\"application\/ld+json\" class=\"yoast-schema-graph\">{\"@context\":\"https:\\\/\\\/schema.org\",\"@graph\":[{\"@type\":\"Article\",\"@id\":\"https:\\\/\\\/www.mondoindagini.it\\\/news\\\/il-furto-dellidentita-digitale-e-lutilizzo-illecito-dei-dati-raccolti-la-tutela-penalistica-prevista-dal-sistema-italiano\\\/#article\",\"isPartOf\":{\"@id\":\"https:\\\/\\\/www.mondoindagini.it\\\/news\\\/il-furto-dellidentita-digitale-e-lutilizzo-illecito-dei-dati-raccolti-la-tutela-penalistica-prevista-dal-sistema-italiano\\\/\"},\"author\":{\"name\":\"redicon\",\"@id\":\"https:\\\/\\\/www.mondoindagini.it\\\/news\\\/#\\\/schema\\\/person\\\/aaba86bac9971c4af439d7a35d0191c3\"},\"headline\":\"Il Furto dell\u2019Identit\u00e0 Digitale e l\u2019Utilizzo Illecito dei Dati Raccolti: La Tutela Penalistica Prevista dal Sistema Italiano\",\"datePublished\":\"2024-09-02T08:06:59+00:00\",\"dateModified\":\"2024-09-02T08:07:00+00:00\",\"mainEntityOfPage\":{\"@id\":\"https:\\\/\\\/www.mondoindagini.it\\\/news\\\/il-furto-dellidentita-digitale-e-lutilizzo-illecito-dei-dati-raccolti-la-tutela-penalistica-prevista-dal-sistema-italiano\\\/\"},\"wordCount\":833,\"commentCount\":0,\"image\":{\"@id\":\"https:\\\/\\\/www.mondoindagini.it\\\/news\\\/il-furto-dellidentita-digitale-e-lutilizzo-illecito-dei-dati-raccolti-la-tutela-penalistica-prevista-dal-sistema-italiano\\\/#primaryimage\"},\"thumbnailUrl\":\"https:\\\/\\\/www.mondoindagini.it\\\/news\\\/wp-content\\\/uploads\\\/2024\\\/09\\\/furto-identita-digitale-scaled.jpg\",\"keywords\":[\"furto\",\"identita digitale\",\"privacy\",\"sicurezza informatica\"],\"articleSection\":[\"Area legale\",\"MondoIndagini\"],\"inLanguage\":\"it-IT\",\"potentialAction\":[{\"@type\":\"CommentAction\",\"name\":\"Comment\",\"target\":[\"https:\\\/\\\/www.mondoindagini.it\\\/news\\\/il-furto-dellidentita-digitale-e-lutilizzo-illecito-dei-dati-raccolti-la-tutela-penalistica-prevista-dal-sistema-italiano\\\/#respond\"]}]},{\"@type\":\"WebPage\",\"@id\":\"https:\\\/\\\/www.mondoindagini.it\\\/news\\\/il-furto-dellidentita-digitale-e-lutilizzo-illecito-dei-dati-raccolti-la-tutela-penalistica-prevista-dal-sistema-italiano\\\/\",\"url\":\"https:\\\/\\\/www.mondoindagini.it\\\/news\\\/il-furto-dellidentita-digitale-e-lutilizzo-illecito-dei-dati-raccolti-la-tutela-penalistica-prevista-dal-sistema-italiano\\\/\",\"name\":\"Il Furto dell\u2019Identit\u00e0 Digitale e l\u2019Utilizzo Illecito dei Dati Raccolti: La Tutela Penalistica Prevista dal Sistema Italiano - Mondoindagini\",\"isPartOf\":{\"@id\":\"https:\\\/\\\/www.mondoindagini.it\\\/news\\\/#website\"},\"primaryImageOfPage\":{\"@id\":\"https:\\\/\\\/www.mondoindagini.it\\\/news\\\/il-furto-dellidentita-digitale-e-lutilizzo-illecito-dei-dati-raccolti-la-tutela-penalistica-prevista-dal-sistema-italiano\\\/#primaryimage\"},\"image\":{\"@id\":\"https:\\\/\\\/www.mondoindagini.it\\\/news\\\/il-furto-dellidentita-digitale-e-lutilizzo-illecito-dei-dati-raccolti-la-tutela-penalistica-prevista-dal-sistema-italiano\\\/#primaryimage\"},\"thumbnailUrl\":\"https:\\\/\\\/www.mondoindagini.it\\\/news\\\/wp-content\\\/uploads\\\/2024\\\/09\\\/furto-identita-digitale-scaled.jpg\",\"datePublished\":\"2024-09-02T08:06:59+00:00\",\"dateModified\":\"2024-09-02T08:07:00+00:00\",\"author\":{\"@id\":\"https:\\\/\\\/www.mondoindagini.it\\\/news\\\/#\\\/schema\\\/person\\\/aaba86bac9971c4af439d7a35d0191c3\"},\"description\":\"Tutela l'identit\u00e0 digitale: scopri le implicazioni legali del furto di dati online, le normative italiane e europee e le misure di protezione per salvaguardare la tua privacy nel cyberspazio.\",\"breadcrumb\":{\"@id\":\"https:\\\/\\\/www.mondoindagini.it\\\/news\\\/il-furto-dellidentita-digitale-e-lutilizzo-illecito-dei-dati-raccolti-la-tutela-penalistica-prevista-dal-sistema-italiano\\\/#breadcrumb\"},\"inLanguage\":\"it-IT\",\"potentialAction\":[{\"@type\":\"ReadAction\",\"target\":[\"https:\\\/\\\/www.mondoindagini.it\\\/news\\\/il-furto-dellidentita-digitale-e-lutilizzo-illecito-dei-dati-raccolti-la-tutela-penalistica-prevista-dal-sistema-italiano\\\/\"]}]},{\"@type\":\"ImageObject\",\"inLanguage\":\"it-IT\",\"@id\":\"https:\\\/\\\/www.mondoindagini.it\\\/news\\\/il-furto-dellidentita-digitale-e-lutilizzo-illecito-dei-dati-raccolti-la-tutela-penalistica-prevista-dal-sistema-italiano\\\/#primaryimage\",\"url\":\"https:\\\/\\\/www.mondoindagini.it\\\/news\\\/wp-content\\\/uploads\\\/2024\\\/09\\\/furto-identita-digitale-scaled.jpg\",\"contentUrl\":\"https:\\\/\\\/www.mondoindagini.it\\\/news\\\/wp-content\\\/uploads\\\/2024\\\/09\\\/furto-identita-digitale-scaled.jpg\",\"width\":2560,\"height\":1706,\"caption\":\"Furto identit\u00e0 digitale\"},{\"@type\":\"BreadcrumbList\",\"@id\":\"https:\\\/\\\/www.mondoindagini.it\\\/news\\\/il-furto-dellidentita-digitale-e-lutilizzo-illecito-dei-dati-raccolti-la-tutela-penalistica-prevista-dal-sistema-italiano\\\/#breadcrumb\",\"itemListElement\":[{\"@type\":\"ListItem\",\"position\":1,\"name\":\"Home\",\"item\":\"https:\\\/\\\/www.mondoindagini.it\\\/news\\\/\"},{\"@type\":\"ListItem\",\"position\":2,\"name\":\"Il Furto dell\u2019Identit\u00e0 Digitale e l\u2019Utilizzo Illecito dei Dati Raccolti: La Tutela Penalistica Prevista dal Sistema Italiano\"}]},{\"@type\":\"WebSite\",\"@id\":\"https:\\\/\\\/www.mondoindagini.it\\\/news\\\/#website\",\"url\":\"https:\\\/\\\/www.mondoindagini.it\\\/news\\\/\",\"name\":\"Mondoindagini\",\"description\":\"News dal mondo delle indagini, criminologia e investigazioni\",\"potentialAction\":[{\"@type\":\"SearchAction\",\"target\":{\"@type\":\"EntryPoint\",\"urlTemplate\":\"https:\\\/\\\/www.mondoindagini.it\\\/news\\\/?s={search_term_string}\"},\"query-input\":{\"@type\":\"PropertyValueSpecification\",\"valueRequired\":true,\"valueName\":\"search_term_string\"}}],\"inLanguage\":\"it-IT\"},{\"@type\":\"Person\",\"@id\":\"https:\\\/\\\/www.mondoindagini.it\\\/news\\\/#\\\/schema\\\/person\\\/aaba86bac9971c4af439d7a35d0191c3\",\"name\":\"redicon\",\"image\":{\"@type\":\"ImageObject\",\"inLanguage\":\"it-IT\",\"@id\":\"https:\\\/\\\/secure.gravatar.com\\\/avatar\\\/adb3b863a12735a68ea0463d1f8fa8b8f4ac6396e6262cb54ae8cb24642e2192?s=96&d=mm&r=g\",\"url\":\"https:\\\/\\\/secure.gravatar.com\\\/avatar\\\/adb3b863a12735a68ea0463d1f8fa8b8f4ac6396e6262cb54ae8cb24642e2192?s=96&d=mm&r=g\",\"contentUrl\":\"https:\\\/\\\/secure.gravatar.com\\\/avatar\\\/adb3b863a12735a68ea0463d1f8fa8b8f4ac6396e6262cb54ae8cb24642e2192?s=96&d=mm&r=g\",\"caption\":\"redicon\"},\"sameAs\":[\"https:\\\/\\\/www.mondoindagini.it\\\/news\"],\"url\":\"https:\\\/\\\/www.mondoindagini.it\\\/news\\\/author\\\/redicon\\\/\"}]}<\/script>\n<!-- \/ Yoast SEO plugin. -->","yoast_head_json":{"title":"Il Furto dell\u2019Identit\u00e0 Digitale e l\u2019Utilizzo Illecito dei Dati Raccolti: La Tutela Penalistica Prevista dal Sistema Italiano - Mondoindagini","description":"Tutela l'identit\u00e0 digitale: scopri le implicazioni legali del furto di dati online, le normative italiane e europee e le misure di protezione per salvaguardare la tua privacy nel cyberspazio.","robots":{"index":"index","follow":"follow","max-snippet":"max-snippet:-1","max-image-preview":"max-image-preview:large","max-video-preview":"max-video-preview:-1"},"canonical":"https:\/\/www.mondoindagini.it\/news\/il-furto-dellidentita-digitale-e-lutilizzo-illecito-dei-dati-raccolti-la-tutela-penalistica-prevista-dal-sistema-italiano\/","og_locale":"it_IT","og_type":"article","og_title":"Il Furto dell\u2019Identit\u00e0 Digitale e l\u2019Utilizzo Illecito dei Dati Raccolti: La Tutela Penalistica Prevista dal Sistema Italiano - Mondoindagini","og_description":"Tutela l'identit\u00e0 digitale: scopri le implicazioni legali del furto di dati online, le normative italiane e europee e le misure di protezione per salvaguardare la tua privacy nel cyberspazio.","og_url":"https:\/\/www.mondoindagini.it\/news\/il-furto-dellidentita-digitale-e-lutilizzo-illecito-dei-dati-raccolti-la-tutela-penalistica-prevista-dal-sistema-italiano\/","og_site_name":"Mondoindagini","article_published_time":"2024-09-02T08:06:59+00:00","article_modified_time":"2024-09-02T08:07:00+00:00","og_image":[{"width":2560,"height":1706,"url":"https:\/\/www.mondoindagini.it\/news\/wp-content\/uploads\/2024\/09\/furto-identita-digitale-scaled.jpg","type":"image\/jpeg"}],"author":"redicon","twitter_card":"summary_large_image","twitter_misc":{"Scritto da":"redicon","Tempo di lettura stimato":"5 minuti"},"schema":{"@context":"https:\/\/schema.org","@graph":[{"@type":"Article","@id":"https:\/\/www.mondoindagini.it\/news\/il-furto-dellidentita-digitale-e-lutilizzo-illecito-dei-dati-raccolti-la-tutela-penalistica-prevista-dal-sistema-italiano\/#article","isPartOf":{"@id":"https:\/\/www.mondoindagini.it\/news\/il-furto-dellidentita-digitale-e-lutilizzo-illecito-dei-dati-raccolti-la-tutela-penalistica-prevista-dal-sistema-italiano\/"},"author":{"name":"redicon","@id":"https:\/\/www.mondoindagini.it\/news\/#\/schema\/person\/aaba86bac9971c4af439d7a35d0191c3"},"headline":"Il Furto dell\u2019Identit\u00e0 Digitale e l\u2019Utilizzo Illecito dei Dati Raccolti: La Tutela Penalistica Prevista dal Sistema Italiano","datePublished":"2024-09-02T08:06:59+00:00","dateModified":"2024-09-02T08:07:00+00:00","mainEntityOfPage":{"@id":"https:\/\/www.mondoindagini.it\/news\/il-furto-dellidentita-digitale-e-lutilizzo-illecito-dei-dati-raccolti-la-tutela-penalistica-prevista-dal-sistema-italiano\/"},"wordCount":833,"commentCount":0,"image":{"@id":"https:\/\/www.mondoindagini.it\/news\/il-furto-dellidentita-digitale-e-lutilizzo-illecito-dei-dati-raccolti-la-tutela-penalistica-prevista-dal-sistema-italiano\/#primaryimage"},"thumbnailUrl":"https:\/\/www.mondoindagini.it\/news\/wp-content\/uploads\/2024\/09\/furto-identita-digitale-scaled.jpg","keywords":["furto","identita digitale","privacy","sicurezza informatica"],"articleSection":["Area legale","MondoIndagini"],"inLanguage":"it-IT","potentialAction":[{"@type":"CommentAction","name":"Comment","target":["https:\/\/www.mondoindagini.it\/news\/il-furto-dellidentita-digitale-e-lutilizzo-illecito-dei-dati-raccolti-la-tutela-penalistica-prevista-dal-sistema-italiano\/#respond"]}]},{"@type":"WebPage","@id":"https:\/\/www.mondoindagini.it\/news\/il-furto-dellidentita-digitale-e-lutilizzo-illecito-dei-dati-raccolti-la-tutela-penalistica-prevista-dal-sistema-italiano\/","url":"https:\/\/www.mondoindagini.it\/news\/il-furto-dellidentita-digitale-e-lutilizzo-illecito-dei-dati-raccolti-la-tutela-penalistica-prevista-dal-sistema-italiano\/","name":"Il Furto dell\u2019Identit\u00e0 Digitale e l\u2019Utilizzo Illecito dei Dati Raccolti: La Tutela Penalistica Prevista dal Sistema Italiano - Mondoindagini","isPartOf":{"@id":"https:\/\/www.mondoindagini.it\/news\/#website"},"primaryImageOfPage":{"@id":"https:\/\/www.mondoindagini.it\/news\/il-furto-dellidentita-digitale-e-lutilizzo-illecito-dei-dati-raccolti-la-tutela-penalistica-prevista-dal-sistema-italiano\/#primaryimage"},"image":{"@id":"https:\/\/www.mondoindagini.it\/news\/il-furto-dellidentita-digitale-e-lutilizzo-illecito-dei-dati-raccolti-la-tutela-penalistica-prevista-dal-sistema-italiano\/#primaryimage"},"thumbnailUrl":"https:\/\/www.mondoindagini.it\/news\/wp-content\/uploads\/2024\/09\/furto-identita-digitale-scaled.jpg","datePublished":"2024-09-02T08:06:59+00:00","dateModified":"2024-09-02T08:07:00+00:00","author":{"@id":"https:\/\/www.mondoindagini.it\/news\/#\/schema\/person\/aaba86bac9971c4af439d7a35d0191c3"},"description":"Tutela l'identit\u00e0 digitale: scopri le implicazioni legali del furto di dati online, le normative italiane e europee e le misure di protezione per salvaguardare la tua privacy nel cyberspazio.","breadcrumb":{"@id":"https:\/\/www.mondoindagini.it\/news\/il-furto-dellidentita-digitale-e-lutilizzo-illecito-dei-dati-raccolti-la-tutela-penalistica-prevista-dal-sistema-italiano\/#breadcrumb"},"inLanguage":"it-IT","potentialAction":[{"@type":"ReadAction","target":["https:\/\/www.mondoindagini.it\/news\/il-furto-dellidentita-digitale-e-lutilizzo-illecito-dei-dati-raccolti-la-tutela-penalistica-prevista-dal-sistema-italiano\/"]}]},{"@type":"ImageObject","inLanguage":"it-IT","@id":"https:\/\/www.mondoindagini.it\/news\/il-furto-dellidentita-digitale-e-lutilizzo-illecito-dei-dati-raccolti-la-tutela-penalistica-prevista-dal-sistema-italiano\/#primaryimage","url":"https:\/\/www.mondoindagini.it\/news\/wp-content\/uploads\/2024\/09\/furto-identita-digitale-scaled.jpg","contentUrl":"https:\/\/www.mondoindagini.it\/news\/wp-content\/uploads\/2024\/09\/furto-identita-digitale-scaled.jpg","width":2560,"height":1706,"caption":"Furto identit\u00e0 digitale"},{"@type":"BreadcrumbList","@id":"https:\/\/www.mondoindagini.it\/news\/il-furto-dellidentita-digitale-e-lutilizzo-illecito-dei-dati-raccolti-la-tutela-penalistica-prevista-dal-sistema-italiano\/#breadcrumb","itemListElement":[{"@type":"ListItem","position":1,"name":"Home","item":"https:\/\/www.mondoindagini.it\/news\/"},{"@type":"ListItem","position":2,"name":"Il Furto dell\u2019Identit\u00e0 Digitale e l\u2019Utilizzo Illecito dei Dati Raccolti: La Tutela Penalistica Prevista dal Sistema Italiano"}]},{"@type":"WebSite","@id":"https:\/\/www.mondoindagini.it\/news\/#website","url":"https:\/\/www.mondoindagini.it\/news\/","name":"Mondoindagini","description":"News dal mondo delle indagini, criminologia e investigazioni","potentialAction":[{"@type":"SearchAction","target":{"@type":"EntryPoint","urlTemplate":"https:\/\/www.mondoindagini.it\/news\/?s={search_term_string}"},"query-input":{"@type":"PropertyValueSpecification","valueRequired":true,"valueName":"search_term_string"}}],"inLanguage":"it-IT"},{"@type":"Person","@id":"https:\/\/www.mondoindagini.it\/news\/#\/schema\/person\/aaba86bac9971c4af439d7a35d0191c3","name":"redicon","image":{"@type":"ImageObject","inLanguage":"it-IT","@id":"https:\/\/secure.gravatar.com\/avatar\/adb3b863a12735a68ea0463d1f8fa8b8f4ac6396e6262cb54ae8cb24642e2192?s=96&d=mm&r=g","url":"https:\/\/secure.gravatar.com\/avatar\/adb3b863a12735a68ea0463d1f8fa8b8f4ac6396e6262cb54ae8cb24642e2192?s=96&d=mm&r=g","contentUrl":"https:\/\/secure.gravatar.com\/avatar\/adb3b863a12735a68ea0463d1f8fa8b8f4ac6396e6262cb54ae8cb24642e2192?s=96&d=mm&r=g","caption":"redicon"},"sameAs":["https:\/\/www.mondoindagini.it\/news"],"url":"https:\/\/www.mondoindagini.it\/news\/author\/redicon\/"}]}},"_links":{"self":[{"href":"https:\/\/www.mondoindagini.it\/news\/wp-json\/wp\/v2\/posts\/1539","targetHints":{"allow":["GET"]}}],"collection":[{"href":"https:\/\/www.mondoindagini.it\/news\/wp-json\/wp\/v2\/posts"}],"about":[{"href":"https:\/\/www.mondoindagini.it\/news\/wp-json\/wp\/v2\/types\/post"}],"author":[{"embeddable":true,"href":"https:\/\/www.mondoindagini.it\/news\/wp-json\/wp\/v2\/users\/1"}],"replies":[{"embeddable":true,"href":"https:\/\/www.mondoindagini.it\/news\/wp-json\/wp\/v2\/comments?post=1539"}],"version-history":[{"count":1,"href":"https:\/\/www.mondoindagini.it\/news\/wp-json\/wp\/v2\/posts\/1539\/revisions"}],"predecessor-version":[{"id":1541,"href":"https:\/\/www.mondoindagini.it\/news\/wp-json\/wp\/v2\/posts\/1539\/revisions\/1541"}],"wp:featuredmedia":[{"embeddable":true,"href":"https:\/\/www.mondoindagini.it\/news\/wp-json\/wp\/v2\/media\/1540"}],"wp:attachment":[{"href":"https:\/\/www.mondoindagini.it\/news\/wp-json\/wp\/v2\/media?parent=1539"}],"wp:term":[{"taxonomy":"category","embeddable":true,"href":"https:\/\/www.mondoindagini.it\/news\/wp-json\/wp\/v2\/categories?post=1539"},{"taxonomy":"post_tag","embeddable":true,"href":"https:\/\/www.mondoindagini.it\/news\/wp-json\/wp\/v2\/tags?post=1539"}],"curies":[{"name":"wp","href":"https:\/\/api.w.org\/{rel}","templated":true}]}}